{"id":132,"date":"2010-08-18T11:30:51","date_gmt":"2010-08-18T09:30:51","guid":{"rendered":"http:\/\/perso.rudyn.fr\/wordpress\/?p=132"},"modified":"2010-08-18T11:30:51","modified_gmt":"2010-08-18T09:30:51","slug":"madone-des-motards-2010","status":"publish","type":"post","link":"https:\/\/cisko.fr\/?p=132","title":{"rendered":"Madone des motards 2010"},"content":{"rendered":"<p>Dimanche dernier, comme tous les 15 ao\u00fbt de chaque ann\u00e9e, c&rsquo;est d\u00e9roul\u00e9 la madone des motards \u00e0 Porcaro. Un \u00e9vennement o\u00f9 plusieurs milliers de motards se retrouvent pour faire la f\u00eate et faire un ballade.<\/p>\n<p>Le 14 au soir, \u00e0 Porcaro, grand concert, exposition de moto, un peu de stunt, des ruptures, du bruit, des moteurs qui cassent, des buvettes (beaucoup) &#8230; Le 15 au matin, c\u00e9r\u00e9monie de b\u00e9n\u00e9diction des motards et l&rsquo;apr\u00e8s midi ballade (d\u00e9fil\u00e9) des motards a travers diff\u00e9rents village du coin (itin\u00e9raire d\u00e9fini \u00e0 l&rsquo;avance).<\/p>\n<p>Cette ann\u00e9e la ballade est pass\u00e9e dans le centre de Gu\u00e9gon, j&rsquo;ai donc pu prendre quelques photos et vid\u00e9os malgr\u00e9 que je n&rsquo;y ai pas \u00e9t\u00e9 le soir. Voici un montage \u00a0des vid\u00e9os que j&rsquo;ai faites.<\/p>\n<div style=\"text-align: center;\"><object width=\"480\" height=\"385\" classid=\"clsid:d27cdb6e-ae6d-11cf-96b8-444553540000\" codebase=\"http:\/\/download.macromedia.com\/pub\/shockwave\/cabs\/flash\/swflash.cab#version=6,0,40,0\"><param name=\"allowFullScreen\" value=\"true\" \/><param name=\"allowscriptaccess\" value=\"always\" \/><param name=\"src\" value=\"http:\/\/www.youtube.com\/v\/k54A7WqysR0?fs=1&amp;hl=fr_FR&amp;color1=0x5d1719&amp;color2=0xcd311b\" \/><param name=\"allowfullscreen\" value=\"true\" \/><embed type=\"application\/x-shockwave-flash\" width=\"480\" height=\"385\" src=\"http:\/\/www.youtube.com\/v\/k54A7WqysR0?fs=1&amp;hl=fr_FR&amp;color1=0x5d1719&amp;color2=0xcd311b\" allowscriptaccess=\"always\" allowfullscreen=\"true\"><\/embed><\/object><\/div>\n<p>Pour les photos, allez sur la <a href=\"http:\/\/perso.rudyn.fr\/\/photo\/15_08_2010\" target=\"_blank\" rel=\"noopener\">galerie d&rsquo;image<\/a>.<\/p>\n","protected":false},"excerpt":{"rendered":"<p>Dimanche dernier, comme tous les 15 ao\u00fbt de chaque ann\u00e9e, c&rsquo;est d\u00e9roul\u00e9 la madone des motards \u00e0 Porcaro. Un \u00e9vennement o\u00f9 plusieurs milliers de motards se retrouvent pour faire la f\u00eate et faire un ballade. Le 14 au soir, \u00e0 Porcaro, grand concert, exposition de moto, un peu de stunt, des ruptures, du bruit, des [&hellip;]<\/p>\n","protected":false},"author":1,"featured_media":0,"comment_status":"open","ping_status":"open","sticky":false,"template":"","format":"standard","meta":{"footnotes":""},"categories":[4],"tags":[45,46,54],"class_list":["post-132","post","type-post","status-publish","format-standard","hentry","category-automobile-evenement","tag-madone","tag-motard","tag-porcaro"],"_links":{"self":[{"href":"https:\/\/cisko.fr\/index.php?rest_route=\/wp\/v2\/posts\/132","targetHints":{"allow":["GET"]}}],"collection":[{"href":"https:\/\/cisko.fr\/index.php?rest_route=\/wp\/v2\/posts"}],"about":[{"href":"https:\/\/cisko.fr\/index.php?rest_route=\/wp\/v2\/types\/post"}],"author":[{"embeddable":true,"href":"https:\/\/cisko.fr\/index.php?rest_route=\/wp\/v2\/users\/1"}],"replies":[{"embeddable":true,"href":"https:\/\/cisko.fr\/index.php?rest_route=%2Fwp%2Fv2%2Fcomments&post=132"}],"version-history":[{"count":0,"href":"https:\/\/cisko.fr\/index.php?rest_route=\/wp\/v2\/posts\/132\/revisions"}],"wp:attachment":[{"href":"https:\/\/cisko.fr\/index.php?rest_route=%2Fwp%2Fv2%2Fmedia&parent=132"}],"wp:term":[{"taxonomy":"category","embeddable":true,"href":"https:\/\/cisko.fr\/index.php?rest_route=%2Fwp%2Fv2%2Fcategories&post=132"},{"taxonomy":"post_tag","embeddable":true,"href":"https:\/\/cisko.fr\/index.php?rest_route=%2Fwp%2Fv2%2Ftags&post=132"}],"curies":[{"name":"wp","href":"https:\/\/api.w.org\/{rel}","templated":true}]}}